{"id":215,"date":"2023-12-18T21:32:31","date_gmt":"2023-12-18T20:32:31","guid":{"rendered":"https:\/\/www.boframtiden.nu\/?p=215"},"modified":"2023-12-18T21:32:31","modified_gmt":"2023-12-18T20:32:31","slug":"att-flytta-in-i-ett-kollektivhus-kombo-pa-hagerstensasen","status":"publish","type":"post","link":"https:\/\/www.boframtiden.nu\/?p=215","title":{"rendered":"Att flytta in i ett kollektivhus- Kombo p\u00e5 H\u00e4gerstens\u00e5sen"},"content":{"rendered":"<p>N\u00e4r jag flyttade fr\u00e5n J\u00e4mtland och till Stockholm 2016 gick jag ganska snart med f\u00f6reningen Kombo. Vid det tillf\u00e4llet l\u00e5g allt g\u00e4llande Kombohuset p\u00e5 ritbordet fortfarande. Diskussionerna kring husets utseende och funktion gick h\u00f6ga. Stora f\u00f6rv\u00e4ntningar fanns p\u00e5 huset d\u00e4r medlemmar av alla \u00e5ldrar var v\u00e4lkomna. \u00c5ren gick, och n\u00e4r Kombohuset stod f\u00e4rdigt var det inte l\u00e4ge f\u00f6r mig att flytta in. Nu tv\u00e5 \u00e5r senare med stigande r\u00e4ntor p\u00e5 det l\u00e5n jag hade p\u00e5 min bostad i Jarlaberg, Nacka har inflyttningen blivit aktuell. I en stor fin fyrarummare men fantastiskt ljusinsl\u00e4pp trivs jag, min dotter och hunden McCartney bra. Vi har nu bott h\u00e4r i en m\u00e5nad. H\u00e4r \u00e4r en god st\u00e4mning bland grannar. M\u00e5nga hj\u00e4lpsamma och goda h\u00e4nder finns.<\/p>\n<p>N\u00e4r det g\u00e4ller k\u00e4rnan i det kollektiva, maten r\u00e5der dock vissa problem d\u00e5 heltidsarbetande m\u00e4nniskor med sm\u00e5 barn inte har all tid \u00f6ver till att st\u00e5 i k\u00f6ket. I nul\u00e4get lagar d\u00e5 endast mat gemensamt tv\u00e5 g\u00e5nger per vecka. Vi hoppas f\u00e5 till fler dagar. En intressant sak \u00e4r att h\u00e4r anm\u00e4ler man sig inte till vilken m\u00e5ltid man vill n\u00e4rvara vid och \u00e4ta. Vi lagar alla m\u00e5ltiderna till ca 40 personer. Det kan upplevas oekonomiskt men d\u00e5 folk h\u00e4r h\u00e4mtar mycket matl\u00e5dor s\u00e5 g\u00e5r ekonomin runt. F\u00f6rutom matlag \u00e4r vi indelade i olika st\u00e4dlag med ansvar f\u00f6r olika delar av huset.<\/p>\n<p>Men visst kan det ocks\u00e5 k\u00e4nnas lite tufft att bo kollektivt. Inte minst har vi m\u00e5nga g\u00e5nger k\u00e4nt en oro att den stora hunden ska st\u00f6ra n\u00e4r han sk\u00e4ller (\u00e4ven om det \u00e4r s\u00e4llan). Men s\u00e5 \u00e4r det ju i alla hus \u00e5 andra sidan.<\/p>\n<p>En annan tuff sak \u00e4r hyran i detta hus \u00e4r hyrorna. De \u00e4r inte l\u00e5ga, snarare v\u00e4ldigt h\u00f6ga. Nu var jag beredd p\u00e5 det men likv\u00e4l \u00e4r det en tuff sak. I min mening utg\u00f6r det ocks\u00e5 en j\u00e4mlikhetsfr\u00e5ga, vem har r\u00e5d att bo h\u00e4r? N\u00e5got m\u00e5ste f\u00f6r\u00e4ndras p\u00e5 ett politiskt plan s\u00e5 att m\u00e4nniskor med sm\u00e5 inkomster ocks\u00e5 kan bo kollektivt.<\/p>\n<p>Men kontentan \u00e4r att det \u00e4r v\u00e4ldigt sp\u00e4nnande, h\u00e4r p\u00e5b\u00f6rjas en ny livserfarenhet!<\/p>\n<p>&nbsp;<\/p>\n<p>Allt gott och God Jul 2023<\/p>\n<p>Kristina Eiverg\u00e5rd, styrelsemedlem Bof\u00f6reningen Framtiden<\/p>\n","protected":false},"excerpt":{"rendered":"<p>N\u00e4r jag flyttade fr\u00e5n J\u00e4mtland och till Stockholm 2016 gick jag ganska snart med f\u00f6reningen Kombo. Vid det tillf\u00e4llet l\u00e5g allt g\u00e4llande Kombohuset p\u00e5 ritbordet fortfarande. Diskussionerna kring husets utseende och funktion gick h\u00f6ga. Stora f\u00f6rv\u00e4ntningar fanns p\u00e5 huset d\u00e4r medlemmar av alla \u00e5ldrar var v\u00e4lkomna. \u00c5ren gick, och n\u00e4r Kombohuset stod f\u00e4rdigt var det &hellip; <a href=\"https:\/\/www.boframtiden.nu\/?p=215\" class=\"more-link\">Forts\u00e4tt l\u00e4sa<span class=\"screen-reader-text\"> \u201dAtt flytta in i ett kollektivhus- Kombo p\u00e5 H\u00e4gerstens\u00e5sen\u201d<\/span><\/a><\/p>\n","protected":false},"author":3,"featured_media":0,"comment_status":"open","ping_status":"open","sticky":false,"template":"","format":"standard","meta":{"footnotes":""},"categories":[1],"tags":[],"class_list":["post-215","post","type-post","status-publish","format-standard","hentry","category-okategoriserade"],"_links":{"self":[{"href":"https:\/\/www.boframtiden.nu\/index.php?rest_route=\/wp\/v2\/posts\/215","targetHints":{"allow":["GET"]}}],"collection":[{"href":"https:\/\/www.boframtiden.nu\/index.php?rest_route=\/wp\/v2\/posts"}],"about":[{"href":"https:\/\/www.boframtiden.nu\/index.php?rest_route=\/wp\/v2\/types\/post"}],"author":[{"embeddable":true,"href":"https:\/\/www.boframtiden.nu\/index.php?rest_route=\/wp\/v2\/users\/3"}],"replies":[{"embeddable":true,"href":"https:\/\/www.boframtiden.nu\/index.php?rest_route=%2Fwp%2Fv2%2Fcomments&post=215"}],"version-history":[{"count":3,"href":"https:\/\/www.boframtiden.nu\/index.php?rest_route=\/wp\/v2\/posts\/215\/revisions"}],"predecessor-version":[{"id":218,"href":"https:\/\/www.boframtiden.nu\/index.php?rest_route=\/wp\/v2\/posts\/215\/revisions\/218"}],"wp:attachment":[{"href":"https:\/\/www.boframtiden.nu\/index.php?rest_route=%2Fwp%2Fv2%2Fmedia&parent=215"}],"wp:term":[{"taxonomy":"category","embeddable":true,"href":"https:\/\/www.boframtiden.nu\/index.php?rest_route=%2Fwp%2Fv2%2Fcategories&post=215"},{"taxonomy":"post_tag","embeddable":true,"href":"https:\/\/www.boframtiden.nu\/index.php?rest_route=%2Fwp%2Fv2%2Ftags&post=215"}],"curies":[{"name":"wp","href":"https:\/\/api.w.org\/{rel}","templated":true}]}}