{"id":239,"date":"2026-03-02T16:31:31","date_gmt":"2026-03-02T15:31:31","guid":{"rendered":"https:\/\/www.boframtiden.nu\/?p=239"},"modified":"2026-03-02T21:05:59","modified_gmt":"2026-03-02T20:05:59","slug":"bo-battre-tillsammans-inspirationsevent-19-oktober-2025","status":"publish","type":"post","link":"https:\/\/www.boframtiden.nu\/?p=239","title":{"rendered":"Bo B\u00e4ttre Tillsammans \u2013 inspirationsevent 19 oktober 2025"},"content":{"rendered":"<p>Cirka 60 pers samlades i Solidaritetshuset p\u00e5 S\u00f6der f\u00f6r att f\u00e5 kunskap och inspiration om hur man kan skapa fler kollektivhus i Stockholm.<\/p>\n<p>F\u00f6rst ut var Familjebost\u00e4ders VD Chris \u00d6sterlund som visade starkt st\u00f6d f\u00f6r kollektivhusid\u00e9en och betonade att Fambo fortfarande har uppdraget att bygga kollektivhus. Det som planeras nu \u00e4r i Farsta Strand men man ska komma ih\u00e5g att det \u00e4r l\u00e5nga ledtider p\u00e5 tio \u00e5r, sa Chris. H\u00f6ga byggkostnader \u00e4r en st\u00e4ndig utmaning och har \u00f6kat markant senaste 3 \u00e5ren. De tittar st\u00e4ndigt p\u00e5 hur man kan h\u00e5lla kostnaderna nere. Chris n\u00e4mnde ocks\u00e5 att bygga om befintliga byggnader till kollektivhus \u00e4r sv\u00e5rt, bland annat p.g.a. att man m\u00e5ste \u201dta hand om\u201d utflyttande. Det \u00e4r s\u00e4llsynt att f\u00e5 tillg\u00e5ng till tomma hus sa hon.<\/p>\n<p>En fr\u00e5gestund h\u00f6lls, bland annat om avskrivningar, och Chris lovade slutligen att ta med sig den gamla fr\u00e5gan i sina samtal med Bostadsf\u00f6rmedlingen om \u00f6nskem\u00e5let att \u00e5terinf\u00f6ra m\u00f6jligheten att kryssa i i bostadsf\u00f6rmedlingens k\u00f6 att man s\u00f6ker kollektivhusl\u00e4genhet.<\/p>\n<div style=\"width: 840px;\" class=\"wp-video\"><video class=\"wp-video-shortcode\" id=\"video-239-1\" width=\"840\" height=\"473\" preload=\"metadata\" controls=\"controls\"><source type=\"video\/mp4\" src=\"https:\/\/www.boframtiden.nu\/wp-content\/uploads\/2026\/03\/vd_2.mp4?_=1\" \/><a href=\"https:\/\/www.boframtiden.nu\/wp-content\/uploads\/2026\/03\/vd_2.mp4\">https:\/\/www.boframtiden.nu\/wp-content\/uploads\/2026\/03\/vd_2.mp4<\/a><\/video><\/div>\n<p>Sedan ber\u00e4ttade Ulrika om Dunderbacken i Axelsberg som firar 15 \u00e5r i \u00e5r. Hon n\u00e4mnde att det i deras fall bara tog drygt tv\u00e5 \u00e5r fr\u00e5n planeringsstart till inflytt. Huset \u00e4r f\u00f6r personer utan hemmavarande barn och Ulrika talade sig varm om hur givande det \u00e4r med gemenskapen.<\/p>\n<p>Tommy fr\u00e5n Kombo p\u00e5 H\u00e4gerstens\u00e5sen stod n\u00e4st p\u00e5 tur att ber\u00e4tta om sitt kollektivhus, som \u00e4r f\u00f6r alla \u00e5ldrar. Han tyckte det var s\u00e4rskilt roligt att barnen ibland kommer in till honom f\u00f6r att leka och att det alltid finns n\u00e5gon att \u201dh\u00e4nga med\u201d i vardagsrummet.<\/p>\n<p>Katja fr\u00e5n Uppsalas bogemenskap G\u00e5rden ber\u00e4ttade hur hennes v\u00e4ng\u00e4ng genomf\u00f6rde ett gemensamt byggprojekt med kommunen p\u00e5 sin sida och med st\u00f6d av en s.k. bygglots (en person som gjort kollektivhusprojektresan f\u00f6rut) och Ekobanken som l\u00e5ngivare. F\u00f6r dem to det sex \u00e5r fr\u00e5n start till inflytt och f\u00f6reningen har b\u00e5de bostads- och hyresr\u00e4tter.<\/p>\n<p>Under kaffepausen ordnades det samtal med bl\u00e4dderblock vid tre bord utifr\u00e5n olika teman, som sedan redovisades f\u00f6r alla sammanfattningsvis. Temana r\u00f6rde hur skapa fler kollektivhus i Stockholms stad, dito p\u00e5 landet i l\u00e4net samt hur kan vi p\u00e5verka politikerna inf\u00f6r valet?<\/p>\n<p>Efter pausen ber\u00e4ttade Mette om Bof\u00f6reningen Framtiden som jobbar och lobbar f\u00f6r fler kollektivhus i Stockholm. Ulrika ber\u00e4ttade om det rikst\u00e4ckande n\u00e4tverket \u201dKollektivhus nu\u201d och den studiecirkel som de kan slussa startargrupper till.<\/p>\n<p>Bridget ber\u00e4ttade om organisationen Coompanion som ger kostnadsfri r\u00e5dgivning till kooperativa f\u00f6retag och ideella f\u00f6reningar som t.ex. vill starta en bo- eller byggemenskap. \u00c4ven de har studiecirkelmaterial f\u00f6r sj\u00e4lvstudier f\u00f6r detta!<\/p>\n<p>Vid den sammanfattande fr\u00e5gestunden lovade Bof\u00f6reningen Framtiden att \u00e5terkoppla till deltagarna om vad som f\u00f6rmedlats under eftermiddagen.<\/p>\n<p>Vid pennan:<\/p>\n<p>Malin William-Olsson<br \/>\nBof\u00f6reningen Framtiden<\/p>\n<p>&nbsp;<\/p>\n<p>&nbsp;<\/p>\n<p>&nbsp;<\/p>\n<h1><\/h1>\n","protected":false},"excerpt":{"rendered":"<p>Cirka 60 pers samlades i Solidaritetshuset p\u00e5 S\u00f6der f\u00f6r att f\u00e5 kunskap och inspiration om hur man kan skapa fler kollektivhus i Stockholm. F\u00f6rst ut var Familjebost\u00e4ders VD Chris \u00d6sterlund som visade starkt st\u00f6d f\u00f6r kollektivhusid\u00e9en och betonade att Fambo fortfarande har uppdraget att bygga kollektivhus. Det som planeras nu \u00e4r i Farsta Strand men &hellip; <a href=\"https:\/\/www.boframtiden.nu\/?p=239\" class=\"more-link\">Forts\u00e4tt l\u00e4sa<span class=\"screen-reader-text\"> \u201dBo B\u00e4ttre Tillsammans \u2013 inspirationsevent 19 oktober 2025\u201d<\/span><\/a><\/p>\n","protected":false},"author":6,"featured_media":0,"comment_status":"closed","ping_status":"closed","sticky":false,"template":"","format":"standard","meta":{"footnotes":""},"categories":[7],"tags":[],"class_list":["post-239","post","type-post","status-publish","format-standard","hentry","category-nyheter"],"_links":{"self":[{"href":"https:\/\/www.boframtiden.nu\/index.php?rest_route=\/wp\/v2\/posts\/239","targetHints":{"allow":["GET"]}}],"collection":[{"href":"https:\/\/www.boframtiden.nu\/index.php?rest_route=\/wp\/v2\/posts"}],"about":[{"href":"https:\/\/www.boframtiden.nu\/index.php?rest_route=\/wp\/v2\/types\/post"}],"author":[{"embeddable":true,"href":"https:\/\/www.boframtiden.nu\/index.php?rest_route=\/wp\/v2\/users\/6"}],"replies":[{"embeddable":true,"href":"https:\/\/www.boframtiden.nu\/index.php?rest_route=%2Fwp%2Fv2%2Fcomments&post=239"}],"version-history":[{"count":3,"href":"https:\/\/www.boframtiden.nu\/index.php?rest_route=\/wp\/v2\/posts\/239\/revisions"}],"predecessor-version":[{"id":243,"href":"https:\/\/www.boframtiden.nu\/index.php?rest_route=\/wp\/v2\/posts\/239\/revisions\/243"}],"wp:attachment":[{"href":"https:\/\/www.boframtiden.nu\/index.php?rest_route=%2Fwp%2Fv2%2Fmedia&parent=239"}],"wp:term":[{"taxonomy":"category","embeddable":true,"href":"https:\/\/www.boframtiden.nu\/index.php?rest_route=%2Fwp%2Fv2%2Fcategories&post=239"},{"taxonomy":"post_tag","embeddable":true,"href":"https:\/\/www.boframtiden.nu\/index.php?rest_route=%2Fwp%2Fv2%2Ftags&post=239"}],"curies":[{"name":"wp","href":"https:\/\/api.w.org\/{rel}","templated":true}]}}